[{"@context":"https:\/\/schema.org\/","@type":"Blog","@id":"https:\/\/www.pacifika.cz#Blog","headline":"Pacifika","description":"\n\u017de v\u00e1s z bicyklu bol\u00edvaj\u00ed nohy, z\u00e1da i \u010d\u00e1st t\u011bla mezi t\u011bmito? \u017de se v\u00e1m nechce \u0161lapat do kopce? Pak si t\u0159eba s na\u0161\u00ed pomoc\u00ed vyberte elektrokolo.","url":"https:\/\/www.pacifika.cz","hasPart":[{"@type":"Article","@id":"https:\/\/www.pacifika.cz\/medvedi-cesnek\/","headline":"Medv\u011bd\u00ed \u010desnek","url":"https:\/\/www.pacifika.cz\/medvedi-cesnek\/","datePublished":"2025-03-04","dateModified":"2023-04-29","mainEntityOfPage":"https:\/\/www.pacifika.cz\/medvedi-cesnek\/","author":{"@type":"Person","@id":"https:\/\/www.pacifika.cz\/author\/#Person","name":"","url":"https:\/\/www.pacifika.cz\/author\/","identifier":1,"image":{"@type":"ImageObject","@id":"https:\/\/secure.gravatar.com\/avatar\/ac70c9e5ac34d1687bd81eed3e0a5127e2920111fdfe832b53d740bc4b86c4fd?s=96&d=mm&r=g","url":"https:\/\/secure.gravatar.com\/avatar\/ac70c9e5ac34d1687bd81eed3e0a5127e2920111fdfe832b53d740bc4b86c4fd?s=96&d=mm&r=g","height":96,"width":96}},"publisher":{"@type":"Organization","name":"pacifika.cz","logo":{"@type":"ImageObject","@id":"\/logo.png","url":"\/logo.png","width":600,"height":60}},"image":{"@type":"ImageObject","@id":"https:\/\/www.pacifika.cz\/wp-content\/uploads\/img_a314340_w2532_t1525119867.jpg","url":"https:\/\/www.pacifika.cz\/wp-content\/uploads\/img_a314340_w2532_t1525119867.jpg","height":0,"width":0},"wordCount":532,"keywords":null},{"@type":"Article","@id":"https:\/\/www.pacifika.cz\/jak-vybrat-spravne-matraci\/","headline":"Jak vybrat spr\u00e1vn\u011b matraci","url":"https:\/\/www.pacifika.cz\/jak-vybrat-spravne-matraci\/","datePublished":"2025-03-04","dateModified":"2023-04-29","mainEntityOfPage":"https:\/\/www.pacifika.cz\/jak-vybrat-spravne-matraci\/","author":{"@type":"Person","@id":"https:\/\/www.pacifika.cz\/author\/#Person","name":"","url":"https:\/\/www.pacifika.cz\/author\/","identifier":1,"image":{"@type":"ImageObject","@id":"https:\/\/secure.gravatar.com\/avatar\/ac70c9e5ac34d1687bd81eed3e0a5127e2920111fdfe832b53d740bc4b86c4fd?s=96&d=mm&r=g","url":"https:\/\/secure.gravatar.com\/avatar\/ac70c9e5ac34d1687bd81eed3e0a5127e2920111fdfe832b53d740bc4b86c4fd?s=96&d=mm&r=g","height":96,"width":96}},"publisher":{"@type":"Organization","name":"pacifika.cz","logo":{"@type":"ImageObject","@id":"\/logo.png","url":"\/logo.png","width":600,"height":60}},"image":{"@type":"ImageObject","@id":"https:\/\/www.pacifika.cz\/wp-content\/uploads\/img_a321552_w2532_t1532802785.png","url":"https:\/\/www.pacifika.cz\/wp-content\/uploads\/img_a321552_w2532_t1532802785.png","height":0,"width":0},"wordCount":4483,"keywords":null},{"@type":"Article","@id":"https:\/\/www.pacifika.cz\/netradicni-hobby-pletenych-vyrobku-z-ovci-vlny\/","headline":"Netradi\u010dn\u00ed hobby pleten\u00fdch v\u00fdrobk\u016f z ov\u010d\u00ed vlny","url":"https:\/\/www.pacifika.cz\/netradicni-hobby-pletenych-vyrobku-z-ovci-vlny\/","datePublished":"2025-03-04","dateModified":"2023-04-29","mainEntityOfPage":"https:\/\/www.pacifika.cz\/netradicni-hobby-pletenych-vyrobku-z-ovci-vlny\/","author":{"@type":"Person","@id":"https:\/\/www.pacifika.cz\/author\/#Person","name":"","url":"https:\/\/www.pacifika.cz\/author\/","identifier":1,"image":{"@type":"ImageObject","@id":"https:\/\/secure.gravatar.com\/avatar\/ac70c9e5ac34d1687bd81eed3e0a5127e2920111fdfe832b53d740bc4b86c4fd?s=96&d=mm&r=g","url":"https:\/\/secure.gravatar.com\/avatar\/ac70c9e5ac34d1687bd81eed3e0a5127e2920111fdfe832b53d740bc4b86c4fd?s=96&d=mm&r=g","height":96,"width":96}},"publisher":{"@type":"Organization","name":"pacifika.cz","logo":{"@type":"ImageObject","@id":"\/logo.png","url":"\/logo.png","width":600,"height":60}},"image":{"@type":"ImageObject","@id":"https:\/\/www.pacifika.cz\/wp-content\/uploads\/img_a339094_w2532_t1552305286.jpg","url":"https:\/\/www.pacifika.cz\/wp-content\/uploads\/img_a339094_w2532_t1552305286.jpg","height":0,"width":0},"wordCount":480,"keywords":null},{"@type":"Article","@id":"https:\/\/www.pacifika.cz\/strihani-detskych-vlasku-nechte-na-profesionalech\/","headline":"St\u0159\u00edh\u00e1n\u00ed d\u011btsk\u00fdch vl\u00e1sk\u016f nechte na profesion\u00e1lech","url":"https:\/\/www.pacifika.cz\/strihani-detskych-vlasku-nechte-na-profesionalech\/","datePublished":"2025-03-04","dateModified":"2025-03-04","mainEntityOfPage":"https:\/\/www.pacifika.cz\/strihani-detskych-vlasku-nechte-na-profesionalech\/","author":{"@type":"Person","@id":"https:\/\/www.pacifika.cz\/author\/#Person","name":"","url":"https:\/\/www.pacifika.cz\/author\/","identifier":1,"image":{"@type":"ImageObject","@id":"https:\/\/secure.gravatar.com\/avatar\/ac70c9e5ac34d1687bd81eed3e0a5127e2920111fdfe832b53d740bc4b86c4fd?s=96&d=mm&r=g","url":"https:\/\/secure.gravatar.com\/avatar\/ac70c9e5ac34d1687bd81eed3e0a5127e2920111fdfe832b53d740bc4b86c4fd?s=96&d=mm&r=g","height":96,"width":96}},"publisher":{"@type":"Organization","name":"pacifika.cz","logo":{"@type":"ImageObject","@id":"\/logo.png","url":"\/logo.png","width":600,"height":60}},"image":{"@type":"ImageObject","@id":"https:\/\/www.pacifika.cz\/wp-content\/uploads\/img_a294495_w2038_t1506418142.jpg","url":"https:\/\/www.pacifika.cz\/wp-content\/uploads\/img_a294495_w2038_t1506418142.jpg","height":0,"width":0},"wordCount":705,"keywords":null},{"@type":"Article","@id":"https:\/\/www.pacifika.cz\/stribrny-vaclav-ii\/","headline":"St\u0159\u00edbrn\u00fd V\u00e1clav II.","url":"https:\/\/www.pacifika.cz\/stribrny-vaclav-ii\/","datePublished":"2025-03-04","dateModified":"2023-04-29","mainEntityOfPage":"https:\/\/www.pacifika.cz\/stribrny-vaclav-ii\/","author":{"@type":"Person","@id":"https:\/\/www.pacifika.cz\/author\/#Person","name":"","url":"https:\/\/www.pacifika.cz\/author\/","identifier":1,"image":{"@type":"ImageObject","@id":"https:\/\/secure.gravatar.com\/avatar\/ac70c9e5ac34d1687bd81eed3e0a5127e2920111fdfe832b53d740bc4b86c4fd?s=96&d=mm&r=g","url":"https:\/\/secure.gravatar.com\/avatar\/ac70c9e5ac34d1687bd81eed3e0a5127e2920111fdfe832b53d740bc4b86c4fd?s=96&d=mm&r=g","height":96,"width":96}},"publisher":{"@type":"Organization","name":"pacifika.cz","logo":{"@type":"ImageObject","@id":"\/logo.png","url":"\/logo.png","width":600,"height":60}},"image":{"@type":"ImageObject","@id":"https:\/\/www.pacifika.cz\/wp-content\/uploads\/img_a316237_w2532_t1527152220.jpg","url":"https:\/\/www.pacifika.cz\/wp-content\/uploads\/img_a316237_w2532_t1527152220.jpg","height":0,"width":0},"wordCount":564,"keywords":null},{"@type":"Article","@id":"https:\/\/www.pacifika.cz\/finance-a-zamestnani\/","headline":"Finance a zam\u011bstn\u00e1n\u00ed","url":"https:\/\/www.pacifika.cz\/finance-a-zamestnani\/","datePublished":"2025-03-04","dateModified":"2023-04-29","mainEntityOfPage":"https:\/\/www.pacifika.cz\/finance-a-zamestnani\/","author":{"@type":"Person","@id":"https:\/\/www.pacifika.cz\/author\/#Person","name":"","url":"https:\/\/www.pacifika.cz\/author\/","identifier":1,"image":{"@type":"ImageObject","@id":"https:\/\/secure.gravatar.com\/avatar\/ac70c9e5ac34d1687bd81eed3e0a5127e2920111fdfe832b53d740bc4b86c4fd?s=96&d=mm&r=g","url":"https:\/\/secure.gravatar.com\/avatar\/ac70c9e5ac34d1687bd81eed3e0a5127e2920111fdfe832b53d740bc4b86c4fd?s=96&d=mm&r=g","height":96,"width":96}},"publisher":{"@type":"Organization","name":"pacifika.cz","logo":{"@type":"ImageObject","@id":"\/logo.png","url":"\/logo.png","width":600,"height":60}},"image":{"@type":"ImageObject","@id":"https:\/\/www.pacifika.cz\/wp-content\/uploads\/img_a315859_w2532_t1526801006.jpg","url":"https:\/\/www.pacifika.cz\/wp-content\/uploads\/img_a315859_w2532_t1526801006.jpg","height":0,"width":0},"wordCount":553,"keywords":null},{"@type":"Article","@id":"https:\/\/www.pacifika.cz\/vypite-mleko-a-dalsi-radosti\/","headline":"Vypit\u00e9 ml\u00e9ko a dal\u0161\u00ed radosti","url":"https:\/\/www.pacifika.cz\/vypite-mleko-a-dalsi-radosti\/","datePublished":"2025-03-03","dateModified":"2023-04-29","mainEntityOfPage":"https:\/\/www.pacifika.cz\/vypite-mleko-a-dalsi-radosti\/","author":{"@type":"Person","@id":"https:\/\/www.pacifika.cz\/author\/#Person","name":"","url":"https:\/\/www.pacifika.cz\/author\/","identifier":1,"image":{"@type":"ImageObject","@id":"https:\/\/secure.gravatar.com\/avatar\/ac70c9e5ac34d1687bd81eed3e0a5127e2920111fdfe832b53d740bc4b86c4fd?s=96&d=mm&r=g","url":"https:\/\/secure.gravatar.com\/avatar\/ac70c9e5ac34d1687bd81eed3e0a5127e2920111fdfe832b53d740bc4b86c4fd?s=96&d=mm&r=g","height":96,"width":96}},"publisher":{"@type":"Organization","name":"pacifika.cz","logo":{"@type":"ImageObject","@id":"\/logo.png","url":"\/logo.png","width":600,"height":60}},"image":{"@type":"ImageObject","@id":"https:\/\/www.pacifika.cz\/wp-content\/uploads\/img_a314603_w2532_t1525460207.jpg","url":"https:\/\/www.pacifika.cz\/wp-content\/uploads\/img_a314603_w2532_t1525460207.jpg","height":0,"width":0},"wordCount":519,"keywords":null},{"@type":"Article","@id":"https:\/\/www.pacifika.cz\/turiste-v-ceske-republice\/","headline":"Turist\u00e9 v \u010cesk\u00e9 republice","url":"https:\/\/www.pacifika.cz\/turiste-v-ceske-republice\/","datePublished":"2025-03-02","dateModified":"2023-04-29","mainEntityOfPage":"https:\/\/www.pacifika.cz\/turiste-v-ceske-republice\/","author":{"@type":"Person","@id":"https:\/\/www.pacifika.cz\/author\/#Person","name":"","url":"https:\/\/www.pacifika.cz\/author\/","identifier":1,"image":{"@type":"ImageObject","@id":"https:\/\/secure.gravatar.com\/avatar\/ac70c9e5ac34d1687bd81eed3e0a5127e2920111fdfe832b53d740bc4b86c4fd?s=96&d=mm&r=g","url":"https:\/\/secure.gravatar.com\/avatar\/ac70c9e5ac34d1687bd81eed3e0a5127e2920111fdfe832b53d740bc4b86c4fd?s=96&d=mm&r=g","height":96,"width":96}},"publisher":{"@type":"Organization","name":"pacifika.cz","logo":{"@type":"ImageObject","@id":"\/logo.png","url":"\/logo.png","width":600,"height":60}},"image":{"@type":"ImageObject","@id":"https:\/\/www.pacifika.cz\/wp-content\/uploads\/img_a315835_w2532_t1526759726.jpg","url":"https:\/\/www.pacifika.cz\/wp-content\/uploads\/img_a315835_w2532_t1526759726.jpg","height":0,"width":0},"wordCount":505,"keywords":null},{"@type":"Article","@id":"https:\/\/www.pacifika.cz\/je-dulezite-mit-pekny-a-zajimavy-web\/","headline":"Je d\u016fle\u017eit\u00e9 m\u00edt p\u011bkn\u00fd a zaj\u00edmav\u00fd web?","url":"https:\/\/www.pacifika.cz\/je-dulezite-mit-pekny-a-zajimavy-web\/","datePublished":"2025-03-02","dateModified":"2023-04-29","mainEntityOfPage":"https:\/\/www.pacifika.cz\/je-dulezite-mit-pekny-a-zajimavy-web\/","author":{"@type":"Person","@id":"https:\/\/www.pacifika.cz\/author\/#Person","name":"","url":"https:\/\/www.pacifika.cz\/author\/","identifier":1,"image":{"@type":"ImageObject","@id":"https:\/\/secure.gravatar.com\/avatar\/ac70c9e5ac34d1687bd81eed3e0a5127e2920111fdfe832b53d740bc4b86c4fd?s=96&d=mm&r=g","url":"https:\/\/secure.gravatar.com\/avatar\/ac70c9e5ac34d1687bd81eed3e0a5127e2920111fdfe832b53d740bc4b86c4fd?s=96&d=mm&r=g","height":96,"width":96}},"publisher":{"@type":"Organization","name":"pacifika.cz","logo":{"@type":"ImageObject","@id":"\/logo.png","url":"\/logo.png","width":600,"height":60}},"image":{"@type":"ImageObject","@id":"https:\/\/www.pacifika.cz\/wp-content\/uploads\/img_a315803_w2532_t1526717624.jpg","url":"https:\/\/www.pacifika.cz\/wp-content\/uploads\/img_a315803_w2532_t1526717624.jpg","height":0,"width":0},"wordCount":4805,"keywords":null},{"@type":"Article","@id":"https:\/\/www.pacifika.cz\/sluzby-na-miru\/","headline":"Slu\u017eby na m\u00edru","url":"https:\/\/www.pacifika.cz\/sluzby-na-miru\/","datePublished":"2025-03-02","dateModified":"2025-03-02","mainEntityOfPage":"https:\/\/www.pacifika.cz\/sluzby-na-miru\/","author":{"@type":"Person","@id":"https:\/\/www.pacifika.cz\/author\/#Person","name":"","url":"https:\/\/www.pacifika.cz\/author\/","identifier":1,"image":{"@type":"ImageObject","@id":"https:\/\/secure.gravatar.com\/avatar\/ac70c9e5ac34d1687bd81eed3e0a5127e2920111fdfe832b53d740bc4b86c4fd?s=96&d=mm&r=g","url":"https:\/\/secure.gravatar.com\/avatar\/ac70c9e5ac34d1687bd81eed3e0a5127e2920111fdfe832b53d740bc4b86c4fd?s=96&d=mm&r=g","height":96,"width":96}},"publisher":{"@type":"Organization","name":"pacifika.cz","logo":{"@type":"ImageObject","@id":"\/logo.png","url":"\/logo.png","width":600,"height":60}},"image":null,"wordCount":220,"keywords":null}]},{"@context":"https:\/\/schema.org","@type":"WebSite","@id":"https:\/\/www.pacifika.cz\/#website","name":"Pacifika","url":"https:\/\/www.pacifika.cz","potentialAction":{"@type":"SearchAction","target":"https:\/\/www.pacifika.cz\/?s={search_term_string}","query-input":"required name=search_term_string"}}]