[{"@context":"https:\/\/schema.org\/","@type":"Article","@id":"https:\/\/www.pacifika.cz\/reklama-nebo-uderny-slogan-rekne-to-za-vas-obleceni\/#Article","mainEntityOfPage":"https:\/\/www.pacifika.cz\/reklama-nebo-uderny-slogan-rekne-to-za-vas-obleceni\/","headline":"Reklama nebo \u00fadern\u00fd slogan? \u0158ekne to za v\u00e1s oble\u010den\u00ed","name":"Reklama nebo \u00fadern\u00fd slogan? \u0158ekne to za v\u00e1s oble\u010den\u00ed","description":"Reklamn\u00ed tri\u010dka a jin\u00fd textil &#8211; vybav\u00ed se v\u00e1m p\u0159itom obrovsk\u00e1 tri\u010dka s logem, oble\u010den\u00e1...","datePublished":"2021-10-23","dateModified":"2023-04-29","author":{"@type":"Person","@id":"https:\/\/www.pacifika.cz\/author\/#Person","name":"","url":"https:\/\/www.pacifika.cz\/author\/","identifier":1,"image":{"@type":"ImageObject","@id":"https:\/\/secure.gravatar.com\/avatar\/ac70c9e5ac34d1687bd81eed3e0a5127e2920111fdfe832b53d740bc4b86c4fd?s=96&d=mm&r=g","url":"https:\/\/secure.gravatar.com\/avatar\/ac70c9e5ac34d1687bd81eed3e0a5127e2920111fdfe832b53d740bc4b86c4fd?s=96&d=mm&r=g","height":96,"width":96}},"publisher":{"@type":"Organization","name":"pacifika.cz","logo":{"@type":"ImageObject","@id":"\/logo.png","url":"\/logo.png","width":600,"height":60}},"image":{"@type":"ImageObject","@id":"https:\/\/www.pacifika.cz\/wp-content\/uploads\/say-yes-to-the-live-g2bb53bf90_640.jpg","url":"https:\/\/www.pacifika.cz\/wp-content\/uploads\/say-yes-to-the-live-g2bb53bf90_640.jpg","height":0,"width":0},"url":"https:\/\/www.pacifika.cz\/reklama-nebo-uderny-slogan-rekne-to-za-vas-obleceni\/","about":["Produkty"],"wordCount":425,"articleBody":"       Reklamn\u00ed tri\u010dka a jin\u00fd textil &#8211; vybav\u00ed se v\u00e1m p\u0159itom obrovsk\u00e1 tri\u010dka s logem, oble\u010den\u00e1 p\u0159es norm\u00e1ln\u00ed oble\u010den\u00ed, jen aby na teambuildingu vypadali v\u0161ichni zam\u011bstnanci stejn\u011b? Tak to u\u017e je na\u0161t\u011bst\u00ed minulost\u00ed a dnes m\u016f\u017eete firemn\u00ed logo um\u00edstit na cokoliv od n\u00e1t\u011bln\u00edk\u016f po kravaty. Jednotn\u00fd vizu\u00e1ln\u00ed styl dod\u00e1v\u00e1 ka\u017ed\u00e9 spole\u010dnosti na uhlazenosti a \u010ditelnosti. Pokud nav\u00edc po\u0159\u00edd\u00edte modern\u00ed oble\u010den\u00ed, kter\u00e9 spl\u0148uje standardy i n\u00e1ro\u010dn\u011bj\u0161\u00edch zam\u011bstnanc\u016f, jm\u00e9no va\u0161\u00ed spole\u010dnosti se bude nen\u00e1siln\u011b \u0161\u00ed\u0159it ve\u0159ejn\u00fdm prostorem. Praktick\u00e9 a p\u0159itom stylov\u00e9 kousky si velk\u00e1 \u010d\u00e1st zam\u011bstnanc\u016f nebude m\u00edt d\u016fvod na cestu dom\u016f z pr\u00e1ce p\u0159evl\u00e9kat, a tak se bude vr\u00fdvat do pam\u011bti okolojdouc\u00edch, cestuj\u00edc\u00edch v MHD \u010di nakupuj\u00edc\u00edch v supermarketu. N\u011bkte\u0159\u00ed zam\u011bstnanci v\u00e1s mo\u017en\u00e1 i vyven\u010d\u00ed na cyklostezce nebo vezmou na v\u00fdlet za pam\u00e1tkami, a vy nikdy nev\u00edte, kde pr\u00e1v\u011b va\u0161e logo oslov\u00ed potenci\u00e1ln\u00ed nov\u00e9 kolegy \u010di klienty!Reklamn\u00ed textil nepat\u0159\u00ed jen do byznysu: sla\u010fte se p\u0159i aktivit\u00e1ch s p\u0159\u00e1teli! Proto\u017ee v\u011bt\u0161ina nab\u00edzen\u00e9ho reklamn\u00edho textilu spad\u00e1 pod kategorii sportovn\u00ed m\u00f3dy, m\u00e1te ide\u00e1ln\u00ed p\u0159\u00edle\u017eitost stylov\u011b obl\u00e9knout i sv\u016fj t\u00fdm, se kter\u00fdm se pravideln\u011b sch\u00e1z\u00edte za rekrea\u010dn\u00edm sportem, a\u0165 u\u017e chod\u00edte hr\u00e1t volejbal, nebo v l\u00e9t\u011b sj\u00ed\u017ed\u00edte \u0159eku v kanoi! Vytvo\u0159te si vlastn\u00ed pozn\u00e1vac\u00ed znamen\u00ed a utu\u017ete t\u00fdmov\u00e9ho ducha. Potisknout si m\u016f\u017eete nechat cokoliv od t\u00edlka po bundu i s dopl\u0148ky &#8211; od rukavic po klobouky. Samoz\u0159ejmost\u00ed jsou p\u00e1nsk\u00e9, d\u00e1msk\u00e9 i d\u011btsk\u00e9 velikosti dostupn\u00e9ho oble\u010den\u00ed. D\u0159\u00edve bylo na reklamn\u00edm potisku nejslo\u017eit\u011bj\u0161\u00ed vyrobit \u0161ablonu, a tak se z\u00e1kazn\u00edk\u016fm nevypl\u00e1celo objedn\u00e1vat v mal\u00e9m mno\u017estv\u00ed V dne\u0161n\u00edm zrychlen\u00e9m digit\u00e1ln\u00edm sv\u011bt\u011b v\u00e1s v\u0161ak ji\u017e minim\u00e1ln\u00ed po\u010det kus\u016f nelimituje &#8211; m\u016f\u017eete si klidn\u011b nechat vyrobit i jednu v\u011bc. M\u016f\u017ee tak hrd\u011b nosit sv\u00e9 \u017eivotn\u00ed motto, nebo svou obl\u00edbenou fotografii. Podobn\u011b m\u016f\u017eete i vytvo\u0159it origin\u00e1ln\u00ed d\u00e1rky pro sv\u00e9 bl\u00edzk\u00e9! A nelimituje v\u00e1s ani p\u0159\u00edpadn\u00e1 absence fantazie, proto\u017ee sv\u011bt je pln\u00fd inspirace.                                                                                                                                                                                                                                                                                                                                                                                           4.8\/5 - (5 votes)        "},{"@context":"https:\/\/schema.org\/","@type":"BreadcrumbList","itemListElement":[{"@type":"ListItem","position":1,"name":"Reklama nebo \u00fadern\u00fd slogan? \u0158ekne to za v\u00e1s oble\u010den\u00ed","item":"https:\/\/www.pacifika.cz\/reklama-nebo-uderny-slogan-rekne-to-za-vas-obleceni\/#breadcrumbitem"}]}]